{"id":1062,"date":"2020-02-02T20:56:02","date_gmt":"2020-02-02T20:56:02","guid":{"rendered":"https:\/\/www.jagelka.sk\/?p=1062"},"modified":"2024-10-22T06:22:42","modified_gmt":"2024-10-22T06:22:42","slug":"medzugorie","status":"publish","type":"post","link":"https:\/\/www.jagelka.sk\/?p=1062","title":{"rendered":"Med\u017eugorie 28.12.2024 &#8211; 3.1.2025"},"content":{"rendered":"<p>[et_pb_section fb_built=&#8220;1&#8243; _builder_version=&#8220;3.22&#8243;][et_pb_row _builder_version=&#8220;4.8.1&#8243; _module_preset=&#8220;default&#8220;][et_pb_column _builder_version=&#8220;4.8.1&#8243; _module_preset=&#8220;default&#8220; type=&#8220;4_4&#8243;][et_pb_image src=&#8220;https:\/\/www.jagelka.sk\/wp-content\/uploads\/2024\/10\/Medzugorje-silvester-2024_page-0001.jpg&#8220; _builder_version=&#8220;4.8.1&#8243; _module_preset=&#8220;default&#8220; title_text=&#8220;Med\u017eugorje silvester 2024_page-0001&#8243; hover_enabled=&#8220;0&#8243; sticky_enabled=&#8220;0&#8243;][\/et_pb_image][\/et_pb_column][\/et_pb_row][\/et_pb_section]<\/p>\n","protected":false},"excerpt":{"rendered":"<p>[et_pb_section fb_built=&#8220;1&#8243; _builder_version=&#8220;3.22&#8243;][et_pb_row _builder_version=&#8220;4.8.1&#8243; _module_preset=&#8220;default&#8220;][et_pb_column _builder_version=&#8220;4.8.1&#8243; _module_preset=&#8220;default&#8220; type=&#8220;4_4&#8243;][et_pb_image src=&#8220;https:\/\/www.jagelka.sk\/wp-content\/uploads\/2024\/10\/Medzugorje-silvester-2024_page-0001.jpg&#8220; _builder_version=&#8220;4.8.1&#8243; _module_preset=&#8220;default&#8220; title_text=&#8220;Med\u017eugorje silvester 2024_page-0001&#8243; hover_enabled=&#8220;0&#8243; sticky_enabled=&#8220;0&#8243;][\/et_pb_image][\/et_pb_column][\/et_pb_row][\/et_pb_section]<\/p>\n","protected":false},"author":1,"featured_media":1098,"comment_status":"closed","ping_status":"closed","sticky":false,"template":"","format":"standard","meta":{"_et_pb_use_builder":"on","_et_pb_old_content":"<!-- wp:paragraph -->\n<p>5.7. - 11.7.2020,  30.8. - 5.9.2020<\/p>\n<!-- \/wp:paragraph -->\n\n<!-- wp:paragraph -->\n<p><strong>Cena p\u00fate: 200,- \u20ac &nbsp;<\/strong><\/p>\n<!-- \/wp:paragraph -->\n\n<!-- wp:paragraph -->\n<p>PROGRAM P\u00daTE:<\/p>\n<!-- \/wp:paragraph -->\n\n<!-- wp:paragraph -->\n<p><strong>1. de\u0148:<\/strong> odchod zo Slovenska v poobed\u0148aj\u0161\u00edch hodin\u00e1ch&nbsp;<\/p>\n<!-- \/wp:paragraph -->\n\n<!-- wp:paragraph -->\n<p><strong>2. de\u0148:<\/strong> pr\u00edchod na Makarsku, sv. om\u0161a na Veprici, zast\u00e1vka pri mori, popoludn\u00ed odchod do Med\u017eugoria, ubytovanie, ve\u010dera, sv. om\u0161a.<\/p>\n<!-- \/wp:paragraph -->\n\n<!-- wp:paragraph -->\n<p><strong>3. \u2013 6. de\u0148: <\/strong>program v Med\u017eugori\u00ed: v\u00fdstup na Podbrdo a Kri\u017eevac, n\u00e1v\u0161teva komunity Cenacolo, ka\u017ed\u00fd de\u0148 med\u017eugorsk\u00fd ve\u010dern\u00fd program spojen\u00fd so sv. om\u0161ou, modlitbou sv. ru\u017eenca a ador\u00e1ciou,\u2026<\/p>\n<!-- \/wp:paragraph -->\n\n<!-- wp:paragraph -->\n<p><strong>7. de\u0148: <\/strong>pr\u00edchod na Slovensko v rann\u00fdch hodin\u00e1ch<\/p>\n<!-- \/wp:paragraph -->\n\n<!-- wp:paragraph -->\n<p><strong>V cene je zahrnut\u00e9:&nbsp;<\/strong><\/p>\n<!-- \/wp:paragraph -->\n\n<!-- wp:list -->\n<ul><li>doprava klimatizovan\u00fdm autobusom<\/li><li>ubytovanie: 4 noc\u00ed v 2, 3 poste\u013eov\u00fdch izb\u00e1ch vybaven\u00fdch sprchou a WC, kl\u00edma, uter\u00e1k<\/li><li>stravovanie: 4 kr\u00e1t - polpenzia (ra\u0148ajky, obed)<\/li><li>tlmo\u010denie a preklady programu (potrebn\u00e9 je zobra\u0165 si r\u00e1dio resp. mobil s FM)<\/li><li>pr\u00edspevok za tvorbu programu<\/li><li>sprievodca k\u0148az<\/li><\/ul>\n<!-- \/wp:list -->\n\n<!-- wp:paragraph -->\n<p><strong>V cene nie je zahrnut\u00e9:&nbsp;<\/strong><\/p>\n<!-- \/wp:paragraph -->\n\n<!-- wp:list -->\n<ul><li>cestovn\u00e9 poistenie do zahrani\u010dia<\/li><\/ul>\n<!-- \/wp:list -->\n\n<!-- wp:paragraph -->\n<p>Na cestu do Med\u017eugoria (Bosna a&nbsp;Hercegovina) je&nbsp;<strong>potrebn\u00fd pas&nbsp;alebo ob\u010diansky preukaz.<\/strong><\/p>\n<!-- \/wp:paragraph -->\n\n<!-- wp:paragraph -->\n<p><strong>Po\u010das p\u00fate je mo\u017enos\u0165 \u00eds\u0165 na fakultat\u00edvne v\u00fdlety: <\/strong>(pod\u013ea po\u010dtu prihl\u00e1sen\u00fdch na mieste)<\/p>\n<!-- \/wp:paragraph -->\n\n<!-- wp:list -->\n<ul><li>Kravick\u00e9 vodop\u00e1dy - doplatok 5,- \u20ac<\/li><li>Mostar - doplatok 8,- \u20ac<\/li><\/ul>\n<!-- \/wp:list -->\n\n<!-- wp:paragraph -->\n<p><strong>Kontakt<\/strong>: +421 905 493 505<\/p>\n<!-- \/wp:paragraph -->","_et_gb_content_width":"","footnotes":""},"categories":[7],"tags":[],"class_list":["post-1062","post","type-post","status-publish","format-standard","has-post-thumbnail","hentry","category-dovolenky"],"_links":{"self":[{"href":"https:\/\/www.jagelka.sk\/index.php?rest_route=\/wp\/v2\/posts\/1062","targetHints":{"allow":["GET"]}}],"collection":[{"href":"https:\/\/www.jagelka.sk\/index.php?rest_route=\/wp\/v2\/posts"}],"about":[{"href":"https:\/\/www.jagelka.sk\/index.php?rest_route=\/wp\/v2\/types\/post"}],"author":[{"embeddable":true,"href":"https:\/\/www.jagelka.sk\/index.php?rest_route=\/wp\/v2\/users\/1"}],"replies":[{"embeddable":true,"href":"https:\/\/www.jagelka.sk\/index.php?rest_route=%2Fwp%2Fv2%2Fcomments&post=1062"}],"version-history":[{"count":7,"href":"https:\/\/www.jagelka.sk\/index.php?rest_route=\/wp\/v2\/posts\/1062\/revisions"}],"predecessor-version":[{"id":1388,"href":"https:\/\/www.jagelka.sk\/index.php?rest_route=\/wp\/v2\/posts\/1062\/revisions\/1388"}],"wp:featuredmedia":[{"embeddable":true,"href":"https:\/\/www.jagelka.sk\/index.php?rest_route=\/wp\/v2\/media\/1098"}],"wp:attachment":[{"href":"https:\/\/www.jagelka.sk\/index.php?rest_route=%2Fwp%2Fv2%2Fmedia&parent=1062"}],"wp:term":[{"taxonomy":"category","embeddable":true,"href":"https:\/\/www.jagelka.sk\/index.php?rest_route=%2Fwp%2Fv2%2Fcategories&post=1062"},{"taxonomy":"post_tag","embeddable":true,"href":"https:\/\/www.jagelka.sk\/index.php?rest_route=%2Fwp%2Fv2%2Ftags&post=1062"}],"curies":[{"name":"wp","href":"https:\/\/api.w.org\/{rel}","templated":true}]}}